{"id":18804,"date":"2026-09-01T20:13:29","date_gmt":"2026-09-01T19:13:29","guid":{"rendered":"https:\/\/seda.college\/blog\/como-e-o-inverno-na-irlanda-e-o-que-fazer-para-aproveitar-a-estacao\/"},"modified":"2026-09-01T20:13:29","modified_gmt":"2026-09-01T19:13:29","slug":"como-e-o-inverno-na-irlanda-e-o-que-fazer-para-aproveitar-a-estacao","status":"publish","type":"post","link":"https:\/\/seda.college\/blog\/br\/como-e-o-inverno-na-irlanda-e-o-que-fazer-para-aproveitar-a-estacao\/","title":{"rendered":"Como \u00e9 o inverno na Irlanda e o que fazer para aproveitar a esta\u00e7\u00e3o"},"content":{"rendered":"<p>Se voc\u00ea est\u00e1 pensando em fazer interc\u00e2mbio na Irlanda ou j\u00e1 est\u00e1 planejando a sua viagem, provavelmente j\u00e1 ouviu falar do clima irland\u00eas. E sim, o inverno por l\u00e1 tem mesmo aquela fama: frio, vento e muita chuva. Mas o que poucos contam \u00e9 que, com a mentalidade certa, essa esta\u00e7\u00e3o pode ser uma das mais encantadoras da sua experi\u00eancia.<\/p>\n<h2>Como \u00e9 o inverno na Irlanda, de verdade?<\/h2>\n<p>O inverno irland\u00eas vai de novembro a fevereiro, com temperaturas que costumam variar entre 3\u00b0C e 10\u00b0C. Neve \u00e9 rara, mas o vento e a garoa s\u00e3o quase di\u00e1rios. N\u00e3o se assuste: os irlandeses t\u00eam um ditado que resume bem a rela\u00e7\u00e3o deles com o clima \u2014 <em>&#8220;There&#8217;s no such thing as bad weather, only bad clothing.&#8221;<\/em> Ou seja, roupa certa resolve boa parte do problema.<\/p>\n<p>Se quiser entender melhor como o clima varia ao longo do ano, vale dar uma olhada em <a href=\"https:\/\/seda.college\/blog\/br\/como-e-o-clima-em-cork-durante-o-ano-o-que-esperar\/\">como \u00e9 o clima em Cork durante o ano<\/a>, com detalhes importantes para quem est\u00e1 se preparando para a chegada.<\/p>\n<h2>O que fazer durante o inverno irland\u00eas?<\/h2>\n<p>A Irlanda no inverno tem um charme pr\u00f3prio que vai muito al\u00e9m do frio. Veja algumas formas de aproveitar bem a esta\u00e7\u00e3o:<\/p>\n<p><strong>Explore os pubs:<\/strong> os pubs irlandeses s\u00e3o o cora\u00e7\u00e3o da vida social do pa\u00eds, e no inverno eles ficam ainda mais aconchegantes. Com lareira acesa, m\u00fasica ao vivo e uma boa conversa, \u00e9 o lugar perfeito para se aquecer e conhecer pessoas novas.<\/p>\n<p><strong>Visite castelos e s\u00edtios hist\u00f3ricos:<\/strong> o inverno afasta os turistas, o que significa filas menores e atmosfera mais intimista. Lugares como o Rock of Cashel, Kilkenny Castle e as ru\u00ednas costeiras ganham um ar misterioso e cinematogr\u00e1fico no frio.<\/p>\n<p><strong>Aproveite a natureza:<\/strong> as trilhas e penhascos irlandeses ficam deslumbrantes no inverno, especialmente nos dias em que o sol aparece entre as nuvens. Leve uma jaqueta imperme\u00e1vel e cal\u00e7ados adequados, e voc\u00ea vai se surpreender.<\/p>\n<p><strong>Mergulhe na cultura local:<\/strong> festivais, sess\u00f5es de m\u00fasica tradicional e eventos culturais n\u00e3o param no inverno. O per\u00edodo do Natal, especialmente, transforma cidades como Dublin e Cork em cen\u00e1rios m\u00e1gicos, com mercados, luzes e uma energia contagiante.<\/p>\n<h2>Como se preparar para o frio e a chuva<\/h2>\n<p>A chave para curtir o inverno na Irlanda \u00e9 simples: se preparar. Invista em um bom casaco imperme\u00e1vel, botas resistentes \u00e0 \u00e1gua, cachecol e luvas. Com essas pe\u00e7as b\u00e1sicas, voc\u00ea enfrenta qualquer dia sem drama.<\/p>\n<p>E se voc\u00ea ainda tem d\u00favidas sobre como lidar com os dias mais pesados da esta\u00e7\u00e3o, o artigo sobre <a href=\"https:\/\/seda.college\/blog\/br\/como-encarar-o-clima-de-inverno-no-final-de-ano-na-irlanda\/\">como encarar o clima de inverno no final do ano na Irlanda<\/a> traz dicas pr\u00e1ticas que fazem toda a diferen\u00e7a.<\/p>\n<h2>O inverno tamb\u00e9m tem o seu brilho<\/h2>\n<p>Quem passa o inverno na Irlanda costuma sair com hist\u00f3rias que os viajantes de ver\u00e3o nunca v\u00e3o ter. A conex\u00e3o com a cultura local \u00e9 mais profunda, os amigos feitos nos pubs s\u00e3o mais genu\u00ednos e a sensa\u00e7\u00e3o de supera\u00e7\u00e3o \u2014 de encarar o clima e sair para explorar mesmo assim \u2014 \u00e9 algo que fica na mem\u00f3ria.<\/p>\n<p>O inverno irland\u00eas n\u00e3o \u00e9 o inimigo. Ele \u00e9 parte da experi\u00eancia.<\/p>\n<p><em>Quer viver essa experi\u00eancia? A SEDA College tem turmas abertas em Dublin e Cork, com in\u00edcio toda segunda-feira. Fale com a gente!<\/em><\/p>\n","protected":false},"excerpt":{"rendered":"<p>Se voc\u00ea est\u00e1 pensando em fazer interc\u00e2mbio na Irlanda ou j\u00e1 est\u00e1 planejando a sua viagem, provavelmente j\u00e1 ouviu falar do clima irland\u00eas. E sim, o inverno por l\u00e1 tem mesmo aquela fama: frio, vento e muita chuva. Mas o que poucos contam \u00e9 que, com a mentalidade certa, essa esta\u00e7\u00e3o pode ser uma das [&hellip;]<\/p>\n","protected":false},"author":30,"featured_media":18803,"comment_status":"open","ping_status":"open","sticky":false,"template":"","format":"standard","meta":{"_monsterinsights_skip_tracking":false,"tdm_status":"","tdm_grid_status":"","footnotes":""},"categories":[2555],"tags":[],"class_list":["post-18804","post","type-post","status-publish","format-standard","has-post-thumbnail","category-guia-intercambio-na-irlanda"],"yoast_head":"<!-- This site is optimized with the Yoast SEO plugin v28.2 - https:\/\/yoast.com\/product\/yoast-seo-wordpress\/ -->\n<title>Como \u00e9 o inverno na Irlanda e o que fazer para aproveitar a esta\u00e7\u00e3o - SEDA College<\/title>\n<meta name=\"robots\" content=\"index, follow, max-snippet:-1, max-image-preview:large, max-video-preview:-1\" \/>\n<link rel=\"canonical\" href=\"https:\/\/seda.college\/blog\/br\/como-e-o-inverno-na-irlanda-e-o-que-fazer-para-aproveitar-a-estacao\/\" \/>\n<meta property=\"og:locale\" content=\"pt_BR\" \/>\n<meta property=\"og:type\" content=\"article\" \/>\n<meta property=\"og:title\" content=\"Como \u00e9 o inverno na Irlanda e o que fazer para aproveitar a esta\u00e7\u00e3o - SEDA College\" \/>\n<meta property=\"og:description\" content=\"Se voc\u00ea est\u00e1 pensando em fazer interc\u00e2mbio na Irlanda ou j\u00e1 est\u00e1 planejando a sua viagem, provavelmente j\u00e1 ouviu falar do clima irland\u00eas. E sim, o inverno por l\u00e1 tem mesmo aquela fama: frio, vento e muita chuva. Mas o que poucos contam \u00e9 que, com a mentalidade certa, essa esta\u00e7\u00e3o pode ser uma das [&hellip;]\" \/>\n<meta property=\"og:url\" content=\"https:\/\/seda.college\/blog\/br\/como-e-o-inverno-na-irlanda-e-o-que-fazer-para-aproveitar-a-estacao\/\" \/>\n<meta property=\"og:site_name\" content=\"SEDA College\" \/>\n<meta property=\"article:publisher\" content=\"https:\/\/www.facebook.com\/sedacollegeonline\/\" \/>\n<meta property=\"article:published_time\" content=\"2026-09-01T19:13:29+00:00\" \/>\n<meta property=\"og:image\" content=\"https:\/\/seda.college\/blog\/wp-content\/uploads\/2017\/09\/facebook-seda-college-online-min.png\" \/>\n\t<meta property=\"og:image:width\" content=\"851\" \/>\n\t<meta property=\"og:image:height\" content=\"315\" \/>\n\t<meta property=\"og:image:type\" content=\"image\/png\" \/>\n<meta name=\"author\" content=\"Jos\u00e9 Carlos\" \/>\n<meta name=\"twitter:card\" content=\"summary_large_image\" \/>\n<meta name=\"twitter:label1\" content=\"Escrito por\" \/>\n\t<meta name=\"twitter:data1\" content=\"Jos\u00e9 Carlos\" \/>\n\t<meta name=\"twitter:label2\" content=\"Est. tempo de leitura\" \/>\n\t<meta name=\"twitter:data2\" content=\"3 minutos\" \/>\n<script type=\"application\/ld+json\" class=\"yoast-schema-graph\">{\"@context\":\"https:\\\/\\\/schema.org\",\"@graph\":[{\"@type\":\"Article\",\"@id\":\"https:\\\/\\\/seda.college\\\/blog\\\/br\\\/como-e-o-inverno-na-irlanda-e-o-que-fazer-para-aproveitar-a-estacao\\\/#article\",\"isPartOf\":{\"@id\":\"https:\\\/\\\/seda.college\\\/blog\\\/br\\\/como-e-o-inverno-na-irlanda-e-o-que-fazer-para-aproveitar-a-estacao\\\/\"},\"author\":{\"name\":\"Jos\u00e9 Carlos\",\"@id\":\"https:\\\/\\\/seda.college\\\/blog\\\/#\\\/schema\\\/person\\\/59e2f53a2dded8831c9f7e6bd42528ee\"},\"headline\":\"Como \u00e9 o inverno na Irlanda e o que fazer para aproveitar a esta\u00e7\u00e3o\",\"datePublished\":\"2026-09-01T19:13:29+00:00\",\"mainEntityOfPage\":{\"@id\":\"https:\\\/\\\/seda.college\\\/blog\\\/br\\\/como-e-o-inverno-na-irlanda-e-o-que-fazer-para-aproveitar-a-estacao\\\/\"},\"wordCount\":589,\"commentCount\":0,\"publisher\":{\"@id\":\"https:\\\/\\\/seda.college\\\/blog\\\/#organization\"},\"image\":{\"@id\":\"https:\\\/\\\/seda.college\\\/blog\\\/br\\\/como-e-o-inverno-na-irlanda-e-o-que-fazer-para-aproveitar-a-estacao\\\/#primaryimage\"},\"thumbnailUrl\":\"https:\\\/\\\/seda.college\\\/blog\\\/wp-content\\\/uploads\\\/2026\\\/09\\\/featured.jpg\",\"articleSection\":[\"Guia Irlanda\"],\"inLanguage\":\"pt-BR\",\"potentialAction\":[{\"@type\":\"CommentAction\",\"name\":\"Comment\",\"target\":[\"https:\\\/\\\/seda.college\\\/blog\\\/br\\\/como-e-o-inverno-na-irlanda-e-o-que-fazer-para-aproveitar-a-estacao\\\/#respond\"]}]},{\"@type\":\"WebPage\",\"@id\":\"https:\\\/\\\/seda.college\\\/blog\\\/br\\\/como-e-o-inverno-na-irlanda-e-o-que-fazer-para-aproveitar-a-estacao\\\/\",\"url\":\"https:\\\/\\\/seda.college\\\/blog\\\/br\\\/como-e-o-inverno-na-irlanda-e-o-que-fazer-para-aproveitar-a-estacao\\\/\",\"name\":\"Como \u00e9 o inverno na Irlanda e o que fazer para aproveitar a esta\u00e7\u00e3o - SEDA College\",\"isPartOf\":{\"@id\":\"https:\\\/\\\/seda.college\\\/blog\\\/#website\"},\"primaryImageOfPage\":{\"@id\":\"https:\\\/\\\/seda.college\\\/blog\\\/br\\\/como-e-o-inverno-na-irlanda-e-o-que-fazer-para-aproveitar-a-estacao\\\/#primaryimage\"},\"image\":{\"@id\":\"https:\\\/\\\/seda.college\\\/blog\\\/br\\\/como-e-o-inverno-na-irlanda-e-o-que-fazer-para-aproveitar-a-estacao\\\/#primaryimage\"},\"thumbnailUrl\":\"https:\\\/\\\/seda.college\\\/blog\\\/wp-content\\\/uploads\\\/2026\\\/09\\\/featured.jpg\",\"datePublished\":\"2026-09-01T19:13:29+00:00\",\"breadcrumb\":{\"@id\":\"https:\\\/\\\/seda.college\\\/blog\\\/br\\\/como-e-o-inverno-na-irlanda-e-o-que-fazer-para-aproveitar-a-estacao\\\/#breadcrumb\"},\"inLanguage\":\"pt-BR\",\"potentialAction\":[{\"@type\":\"ReadAction\",\"target\":[\"https:\\\/\\\/seda.college\\\/blog\\\/br\\\/como-e-o-inverno-na-irlanda-e-o-que-fazer-para-aproveitar-a-estacao\\\/\"]}]},{\"@type\":\"ImageObject\",\"inLanguage\":\"pt-BR\",\"@id\":\"https:\\\/\\\/seda.college\\\/blog\\\/br\\\/como-e-o-inverno-na-irlanda-e-o-que-fazer-para-aproveitar-a-estacao\\\/#primaryimage\",\"url\":\"https:\\\/\\\/seda.college\\\/blog\\\/wp-content\\\/uploads\\\/2026\\\/09\\\/featured.jpg\",\"contentUrl\":\"https:\\\/\\\/seda.college\\\/blog\\\/wp-content\\\/uploads\\\/2026\\\/09\\\/featured.jpg\",\"width\":1080,\"height\":720},{\"@type\":\"BreadcrumbList\",\"@id\":\"https:\\\/\\\/seda.college\\\/blog\\\/br\\\/como-e-o-inverno-na-irlanda-e-o-que-fazer-para-aproveitar-a-estacao\\\/#breadcrumb\",\"itemListElement\":[{\"@type\":\"ListItem\",\"position\":1,\"name\":\"Home\",\"item\":\"https:\\\/\\\/seda.college\\\/blog\\\/en\\\/\"},{\"@type\":\"ListItem\",\"position\":2,\"name\":\"Como \u00e9 o inverno na Irlanda e o que fazer para aproveitar a esta\u00e7\u00e3o\"}]},{\"@type\":\"WebSite\",\"@id\":\"https:\\\/\\\/seda.college\\\/blog\\\/#website\",\"url\":\"https:\\\/\\\/seda.college\\\/blog\\\/\",\"name\":\"SEDA College\",\"description\":\"A SEDA College oferece cursos de Ingl\u00eas para cada n\u00edvel na Irlanda, em Dublin. A SEDA College \u00e9 uma escola internacional que \u00e9 reconhecida por aprender ingl\u00eas\",\"publisher\":{\"@id\":\"https:\\\/\\\/seda.college\\\/blog\\\/#organization\"},\"potentialAction\":[{\"@type\":\"SearchAction\",\"target\":{\"@type\":\"EntryPoint\",\"urlTemplate\":\"https:\\\/\\\/seda.college\\\/blog\\\/?s={search_term_string}\"},\"query-input\":{\"@type\":\"PropertyValueSpecification\",\"valueRequired\":true,\"valueName\":\"search_term_string\"}}],\"inLanguage\":\"pt-BR\"},{\"@type\":\"Organization\",\"@id\":\"https:\\\/\\\/seda.college\\\/blog\\\/#organization\",\"name\":\"SEDA College Online\",\"url\":\"https:\\\/\\\/seda.college\\\/blog\\\/\",\"logo\":{\"@type\":\"ImageObject\",\"inLanguage\":\"pt-BR\",\"@id\":\"https:\\\/\\\/seda.college\\\/blog\\\/#\\\/schema\\\/logo\\\/image\\\/\",\"url\":\"https:\\\/\\\/blog.seda.college\\\/wp-content\\\/uploads\\\/2017\\\/09\\\/NEW_SEDA-Online-Logo-02-copy-min.png\",\"contentUrl\":\"https:\\\/\\\/blog.seda.college\\\/wp-content\\\/uploads\\\/2017\\\/09\\\/NEW_SEDA-Online-Logo-02-copy-min.png\",\"width\":3012,\"height\":2312,\"caption\":\"SEDA College Online\"},\"image\":{\"@id\":\"https:\\\/\\\/seda.college\\\/blog\\\/#\\\/schema\\\/logo\\\/image\\\/\"},\"sameAs\":[\"https:\\\/\\\/www.facebook.com\\\/sedacollegeonline\\\/\"]},{\"@type\":\"Person\",\"@id\":\"https:\\\/\\\/seda.college\\\/blog\\\/#\\\/schema\\\/person\\\/59e2f53a2dded8831c9f7e6bd42528ee\",\"name\":\"Jos\u00e9 Carlos\",\"image\":{\"@type\":\"ImageObject\",\"inLanguage\":\"pt-BR\",\"@id\":\"https:\\\/\\\/secure.gravatar.com\\\/avatar\\\/17757107b702be089bc62ddb741cfc0b4f24122fe21681f45aeacc662583a5ca?s=96&d=mm&r=g\",\"url\":\"https:\\\/\\\/secure.gravatar.com\\\/avatar\\\/17757107b702be089bc62ddb741cfc0b4f24122fe21681f45aeacc662583a5ca?s=96&d=mm&r=g\",\"contentUrl\":\"https:\\\/\\\/secure.gravatar.com\\\/avatar\\\/17757107b702be089bc62ddb741cfc0b4f24122fe21681f45aeacc662583a5ca?s=96&d=mm&r=g\",\"caption\":\"Jos\u00e9 Carlos\"}}]}<\/script>\n<!-- \/ Yoast SEO plugin. -->","yoast_head_json":{"title":"Como \u00e9 o inverno na Irlanda e o que fazer para aproveitar a esta\u00e7\u00e3o - SEDA College","robots":{"index":"index","follow":"follow","max-snippet":"max-snippet:-1","max-image-preview":"max-image-preview:large","max-video-preview":"max-video-preview:-1"},"canonical":"https:\/\/seda.college\/blog\/br\/como-e-o-inverno-na-irlanda-e-o-que-fazer-para-aproveitar-a-estacao\/","og_locale":"pt_BR","og_type":"article","og_title":"Como \u00e9 o inverno na Irlanda e o que fazer para aproveitar a esta\u00e7\u00e3o - SEDA College","og_description":"Se voc\u00ea est\u00e1 pensando em fazer interc\u00e2mbio na Irlanda ou j\u00e1 est\u00e1 planejando a sua viagem, provavelmente j\u00e1 ouviu falar do clima irland\u00eas. E sim, o inverno por l\u00e1 tem mesmo aquela fama: frio, vento e muita chuva. Mas o que poucos contam \u00e9 que, com a mentalidade certa, essa esta\u00e7\u00e3o pode ser uma das [&hellip;]","og_url":"https:\/\/seda.college\/blog\/br\/como-e-o-inverno-na-irlanda-e-o-que-fazer-para-aproveitar-a-estacao\/","og_site_name":"SEDA College","article_publisher":"https:\/\/www.facebook.com\/sedacollegeonline\/","article_published_time":"2026-09-01T19:13:29+00:00","og_image":[{"width":851,"height":315,"url":"https:\/\/seda.college\/blog\/wp-content\/uploads\/2017\/09\/facebook-seda-college-online-min.png","type":"image\/png"}],"author":"Jos\u00e9 Carlos","twitter_card":"summary_large_image","twitter_misc":{"Escrito por":"Jos\u00e9 Carlos","Est. tempo de leitura":"3 minutos"},"schema":{"@context":"https:\/\/schema.org","@graph":[{"@type":"Article","@id":"https:\/\/seda.college\/blog\/br\/como-e-o-inverno-na-irlanda-e-o-que-fazer-para-aproveitar-a-estacao\/#article","isPartOf":{"@id":"https:\/\/seda.college\/blog\/br\/como-e-o-inverno-na-irlanda-e-o-que-fazer-para-aproveitar-a-estacao\/"},"author":{"name":"Jos\u00e9 Carlos","@id":"https:\/\/seda.college\/blog\/#\/schema\/person\/59e2f53a2dded8831c9f7e6bd42528ee"},"headline":"Como \u00e9 o inverno na Irlanda e o que fazer para aproveitar a esta\u00e7\u00e3o","datePublished":"2026-09-01T19:13:29+00:00","mainEntityOfPage":{"@id":"https:\/\/seda.college\/blog\/br\/como-e-o-inverno-na-irlanda-e-o-que-fazer-para-aproveitar-a-estacao\/"},"wordCount":589,"commentCount":0,"publisher":{"@id":"https:\/\/seda.college\/blog\/#organization"},"image":{"@id":"https:\/\/seda.college\/blog\/br\/como-e-o-inverno-na-irlanda-e-o-que-fazer-para-aproveitar-a-estacao\/#primaryimage"},"thumbnailUrl":"https:\/\/seda.college\/blog\/wp-content\/uploads\/2026\/09\/featured.jpg","articleSection":["Guia Irlanda"],"inLanguage":"pt-BR","potentialAction":[{"@type":"CommentAction","name":"Comment","target":["https:\/\/seda.college\/blog\/br\/como-e-o-inverno-na-irlanda-e-o-que-fazer-para-aproveitar-a-estacao\/#respond"]}]},{"@type":"WebPage","@id":"https:\/\/seda.college\/blog\/br\/como-e-o-inverno-na-irlanda-e-o-que-fazer-para-aproveitar-a-estacao\/","url":"https:\/\/seda.college\/blog\/br\/como-e-o-inverno-na-irlanda-e-o-que-fazer-para-aproveitar-a-estacao\/","name":"Como \u00e9 o inverno na Irlanda e o que fazer para aproveitar a esta\u00e7\u00e3o - SEDA College","isPartOf":{"@id":"https:\/\/seda.college\/blog\/#website"},"primaryImageOfPage":{"@id":"https:\/\/seda.college\/blog\/br\/como-e-o-inverno-na-irlanda-e-o-que-fazer-para-aproveitar-a-estacao\/#primaryimage"},"image":{"@id":"https:\/\/seda.college\/blog\/br\/como-e-o-inverno-na-irlanda-e-o-que-fazer-para-aproveitar-a-estacao\/#primaryimage"},"thumbnailUrl":"https:\/\/seda.college\/blog\/wp-content\/uploads\/2026\/09\/featured.jpg","datePublished":"2026-09-01T19:13:29+00:00","breadcrumb":{"@id":"https:\/\/seda.college\/blog\/br\/como-e-o-inverno-na-irlanda-e-o-que-fazer-para-aproveitar-a-estacao\/#breadcrumb"},"inLanguage":"pt-BR","potentialAction":[{"@type":"ReadAction","target":["https:\/\/seda.college\/blog\/br\/como-e-o-inverno-na-irlanda-e-o-que-fazer-para-aproveitar-a-estacao\/"]}]},{"@type":"ImageObject","inLanguage":"pt-BR","@id":"https:\/\/seda.college\/blog\/br\/como-e-o-inverno-na-irlanda-e-o-que-fazer-para-aproveitar-a-estacao\/#primaryimage","url":"https:\/\/seda.college\/blog\/wp-content\/uploads\/2026\/09\/featured.jpg","contentUrl":"https:\/\/seda.college\/blog\/wp-content\/uploads\/2026\/09\/featured.jpg","width":1080,"height":720},{"@type":"BreadcrumbList","@id":"https:\/\/seda.college\/blog\/br\/como-e-o-inverno-na-irlanda-e-o-que-fazer-para-aproveitar-a-estacao\/#breadcrumb","itemListElement":[{"@type":"ListItem","position":1,"name":"Home","item":"https:\/\/seda.college\/blog\/en\/"},{"@type":"ListItem","position":2,"name":"Como \u00e9 o inverno na Irlanda e o que fazer para aproveitar a esta\u00e7\u00e3o"}]},{"@type":"WebSite","@id":"https:\/\/seda.college\/blog\/#website","url":"https:\/\/seda.college\/blog\/","name":"SEDA College","description":"A SEDA College oferece cursos de Ingl\u00eas para cada n\u00edvel na Irlanda, em Dublin. A SEDA College \u00e9 uma escola internacional que \u00e9 reconhecida por aprender ingl\u00eas","publisher":{"@id":"https:\/\/seda.college\/blog\/#organization"},"potentialAction":[{"@type":"SearchAction","target":{"@type":"EntryPoint","urlTemplate":"https:\/\/seda.college\/blog\/?s={search_term_string}"},"query-input":{"@type":"PropertyValueSpecification","valueRequired":true,"valueName":"search_term_string"}}],"inLanguage":"pt-BR"},{"@type":"Organization","@id":"https:\/\/seda.college\/blog\/#organization","name":"SEDA College Online","url":"https:\/\/seda.college\/blog\/","logo":{"@type":"ImageObject","inLanguage":"pt-BR","@id":"https:\/\/seda.college\/blog\/#\/schema\/logo\/image\/","url":"https:\/\/blog.seda.college\/wp-content\/uploads\/2017\/09\/NEW_SEDA-Online-Logo-02-copy-min.png","contentUrl":"https:\/\/blog.seda.college\/wp-content\/uploads\/2017\/09\/NEW_SEDA-Online-Logo-02-copy-min.png","width":3012,"height":2312,"caption":"SEDA College Online"},"image":{"@id":"https:\/\/seda.college\/blog\/#\/schema\/logo\/image\/"},"sameAs":["https:\/\/www.facebook.com\/sedacollegeonline\/"]},{"@type":"Person","@id":"https:\/\/seda.college\/blog\/#\/schema\/person\/59e2f53a2dded8831c9f7e6bd42528ee","name":"Jos\u00e9 Carlos","image":{"@type":"ImageObject","inLanguage":"pt-BR","@id":"https:\/\/secure.gravatar.com\/avatar\/17757107b702be089bc62ddb741cfc0b4f24122fe21681f45aeacc662583a5ca?s=96&d=mm&r=g","url":"https:\/\/secure.gravatar.com\/avatar\/17757107b702be089bc62ddb741cfc0b4f24122fe21681f45aeacc662583a5ca?s=96&d=mm&r=g","contentUrl":"https:\/\/secure.gravatar.com\/avatar\/17757107b702be089bc62ddb741cfc0b4f24122fe21681f45aeacc662583a5ca?s=96&d=mm&r=g","caption":"Jos\u00e9 Carlos"}}]}},"_links":{"self":[{"href":"https:\/\/seda.college\/blog\/wp-json\/wp\/v2\/posts\/18804","targetHints":{"allow":["GET"]}}],"collection":[{"href":"https:\/\/seda.college\/blog\/wp-json\/wp\/v2\/posts"}],"about":[{"href":"https:\/\/seda.college\/blog\/wp-json\/wp\/v2\/types\/post"}],"author":[{"embeddable":true,"href":"https:\/\/seda.college\/blog\/wp-json\/wp\/v2\/users\/30"}],"replies":[{"embeddable":true,"href":"https:\/\/seda.college\/blog\/wp-json\/wp\/v2\/comments?post=18804"}],"version-history":[{"count":0,"href":"https:\/\/seda.college\/blog\/wp-json\/wp\/v2\/posts\/18804\/revisions"}],"wp:featuredmedia":[{"embeddable":true,"href":"https:\/\/seda.college\/blog\/wp-json\/wp\/v2\/media\/18803"}],"wp:attachment":[{"href":"https:\/\/seda.college\/blog\/wp-json\/wp\/v2\/media?parent=18804"}],"wp:term":[{"taxonomy":"category","embeddable":true,"href":"https:\/\/seda.college\/blog\/wp-json\/wp\/v2\/categories?post=18804"},{"taxonomy":"post_tag","embeddable":true,"href":"https:\/\/seda.college\/blog\/wp-json\/wp\/v2\/tags?post=18804"}],"curies":[{"name":"wp","href":"https:\/\/api.w.org\/{rel}","templated":true}]}}