{"id":18776,"date":"2026-08-25T20:13:35","date_gmt":"2026-08-25T19:13:35","guid":{"rendered":"https:\/\/seda.college\/blog\/o-que-e-o-gap-year-e-por-que-a-irlanda-e-um-dos-destinos-favoritos-para-quem-quer-fazer-um\/"},"modified":"2026-08-25T20:13:35","modified_gmt":"2026-08-25T19:13:35","slug":"o-que-e-o-gap-year-e-por-que-a-irlanda-e-um-dos-destinos-favoritos-para-quem-quer-fazer-um","status":"publish","type":"post","link":"https:\/\/seda.college\/blog\/br\/o-que-e-o-gap-year-e-por-que-a-irlanda-e-um-dos-destinos-favoritos-para-quem-quer-fazer-um\/","title":{"rendered":"O que \u00e9 o Gap Year e por que a Irlanda \u00e9 um dos destinos favoritos para quem quer fazer um"},"content":{"rendered":"<p>Voc\u00ea j\u00e1 ouviu falar em <strong>Gap Year<\/strong>? Se ainda n\u00e3o, provavelmente vai se identificar bastante com a ideia. Trata-se de um per\u00edodo \u2014 geralmente de alguns meses a um ano \u2014 que jovens usam para parar, respirar e investir em experi\u00eancias fora da rotina acad\u00eamica ou profissional. Viajar, aprender um novo idioma, trabalhar em outro pa\u00eds, se descobrir como pessoa. \u00c9 exatamente isso.<\/p>\n<p>Mas por que a Irlanda virou um dos destinos queridinhos de quem escolhe fazer um Gap Year? A resposta \u00e9 mais simples do que parece \u2014 e muito mais interessante.<\/p>\n<h2>O que torna a Irlanda t\u00e3o especial para um Gap Year?<\/h2>\n<p>Primeiro: a Irlanda \u00e9 um pa\u00eds de l\u00edngua inglesa dentro da Uni\u00e3o Europeia. Isso significa que voc\u00ea pode morar legalmente, trabalhar, estudar e ainda estar no cora\u00e7\u00e3o da Europa \u2014 com acesso f\u00e1cil a outros pa\u00edses, culturas e oportunidades. Para brasileiros, isso \u00e9 ouro.<\/p>\n<p>Segundo: o <strong>visto de estudante irland\u00eas<\/strong> permite que voc\u00ea trabalhe at\u00e9 20 horas semanais durante o curso e 40 horas nas f\u00e9rias escolares. Ou seja, \u00e9 poss\u00edvel se sustentar (pelo menos em parte) enquanto estuda ingl\u00eas e vive a experi\u00eancia. Muita gente vai para a Irlanda sem saber exatamente o que quer fazer da vida \u2014 e volta com um plano claro, flu\u00eancia no idioma e uma rede de contatos internacionais.<\/p>\n<p>Terceiro: Dublin e Cork s\u00e3o cidades jovens, vibrantes e acolhedoras. A comunidade brasileira \u00e9 enorme, mas o ambiente te empurra para fora da bolha desde o primeiro dia. Voc\u00ea vai dividir apartamento com pessoas de 10 pa\u00edses diferentes, praticar ingl\u00eas na padaria, no pub e no trabalho. \u00c9 imers\u00e3o de verdade.<\/p>\n<h2>Gap Year n\u00e3o \u00e9 &#8220;tirar f\u00e9rias&#8221;<\/h2>\n<p>Esse \u00e9 um ponto importante. Gap Year n\u00e3o \u00e9 ficar \u00e0 toa \u2014 \u00e9 investir em voc\u00ea de uma forma que a sala de aula convencional raramente oferece. Muitos estudantes usam esse per\u00edodo para aprender ingl\u00eas de forma intensiva, entender como \u00e9 viver de forma independente, construir confian\u00e7a e at\u00e9 descobrir \u00e1reas de interesse que v\u00e3o guiar as escolhas profissionais futuras.<\/p>\n<p>E a Irlanda oferece um ambiente perfeito para isso. O <a href=\"https:\/\/seda.college\/blog\/br\/estilo-de-vida-dos-jovens-irlandeses-o-que-surpreende-quem-chega-de-fora\/\">estilo de vida dos jovens irlandeses<\/a> \u00e9 muito diferente do que a maioria dos brasileiros imagina \u2014 mais tranquilo, mais equilibrado, com uma cultura de respeito m\u00fatuo que faz toda a diferen\u00e7a quando voc\u00ea est\u00e1 longe de casa pela primeira vez.<\/p>\n<h2>E o ingl\u00eas? Vale a pena aprender na Irlanda?<\/h2>\n<p>Com certeza. O ingl\u00eas irland\u00eas \u00e9 claro, bem articulado e mundialmente reconhecido por empregadores e universidades. Al\u00e9m disso, conviver com falantes nativos no dia a dia acelera o aprendizado de um jeito que nenhum app ou aula online consegue replicar.<\/p>\n<p>Vale lembrar tamb\u00e9m que a Irlanda se tornou um hub global de tecnologia e neg\u00f3cios \u2014 o que significa que o ambiente ao redor vai te expor a um ingl\u00eas profissional e atual. Conhecer <a href=\"https:\/\/seda.college\/blog\/br\/como-a-irlanda-se-tornou-a-sede-europeia-das-maiores-empresas-de-tecnologia-do-mundo\/\">como a Irlanda se tornou a sede europeia das maiores empresas de tecnologia do mundo<\/a> ajuda a entender por que estudar ingl\u00eas aqui tem um valor estrat\u00e9gico real.<\/p>\n<h2>Por onde come\u00e7ar?<\/h2>\n<p>O primeiro passo \u00e9 escolher uma escola de ingl\u00eas reconhecida, com suporte para quem chega do Brasil. Isso faz toda a diferen\u00e7a na adapta\u00e7\u00e3o, na qualidade do ensino e nas oportunidades que surgem durante a estadia.<\/p>\n<p>Um Gap Year bem planejado pode mudar a sua trajet\u00f3ria de formas que voc\u00ea ainda nem imagina. A Irlanda est\u00e1 pronta para te receber.<\/p>\n<p><em>Quer viver essa experi\u00eancia? A SEDA College tem turmas abertas em Dublin e Cork, com in\u00edcio toda segunda-feira. Fale com a gente!<\/em><\/p>\n","protected":false},"excerpt":{"rendered":"<p>Voc\u00ea j\u00e1 ouviu falar em Gap Year? Se ainda n\u00e3o, provavelmente vai se identificar bastante com a ideia. Trata-se de um per\u00edodo \u2014 geralmente de alguns meses a um ano \u2014 que jovens usam para parar, respirar e investir em experi\u00eancias fora da rotina acad\u00eamica ou profissional. Viajar, aprender um novo idioma, trabalhar em outro [&hellip;]<\/p>\n","protected":false},"author":30,"featured_media":18775,"comment_status":"open","ping_status":"open","sticky":false,"template":"","format":"standard","meta":{"_monsterinsights_skip_tracking":false,"tdm_status":"","tdm_grid_status":"","footnotes":""},"categories":[2555],"tags":[],"class_list":["post-18776","post","type-post","status-publish","format-standard","has-post-thumbnail","category-guia-intercambio-na-irlanda"],"yoast_head":"<!-- This site is optimized with the Yoast SEO plugin v28.2 - https:\/\/yoast.com\/product\/yoast-seo-wordpress\/ -->\n<title>O que \u00e9 o Gap Year e por que a Irlanda \u00e9 um dos destinos favoritos para quem quer fazer um - SEDA College<\/title>\n<meta name=\"robots\" content=\"index, follow, max-snippet:-1, max-image-preview:large, max-video-preview:-1\" \/>\n<link rel=\"canonical\" href=\"https:\/\/seda.college\/blog\/br\/o-que-e-o-gap-year-e-por-que-a-irlanda-e-um-dos-destinos-favoritos-para-quem-quer-fazer-um\/\" \/>\n<meta property=\"og:locale\" content=\"pt_BR\" \/>\n<meta property=\"og:type\" content=\"article\" \/>\n<meta property=\"og:title\" content=\"O que \u00e9 o Gap Year e por que a Irlanda \u00e9 um dos destinos favoritos para quem quer fazer um - SEDA College\" \/>\n<meta property=\"og:description\" content=\"Voc\u00ea j\u00e1 ouviu falar em Gap Year? Se ainda n\u00e3o, provavelmente vai se identificar bastante com a ideia. Trata-se de um per\u00edodo \u2014 geralmente de alguns meses a um ano \u2014 que jovens usam para parar, respirar e investir em experi\u00eancias fora da rotina acad\u00eamica ou profissional. Viajar, aprender um novo idioma, trabalhar em outro [&hellip;]\" \/>\n<meta property=\"og:url\" content=\"https:\/\/seda.college\/blog\/br\/o-que-e-o-gap-year-e-por-que-a-irlanda-e-um-dos-destinos-favoritos-para-quem-quer-fazer-um\/\" \/>\n<meta property=\"og:site_name\" content=\"SEDA College\" \/>\n<meta property=\"article:publisher\" content=\"https:\/\/www.facebook.com\/sedacollegeonline\/\" \/>\n<meta property=\"article:published_time\" content=\"2026-08-25T19:13:35+00:00\" \/>\n<meta property=\"og:image\" content=\"https:\/\/seda.college\/blog\/wp-content\/uploads\/2017\/09\/facebook-seda-college-online-min.png\" \/>\n\t<meta property=\"og:image:width\" content=\"851\" \/>\n\t<meta property=\"og:image:height\" content=\"315\" \/>\n\t<meta property=\"og:image:type\" content=\"image\/png\" \/>\n<meta name=\"author\" content=\"Jos\u00e9 Carlos\" \/>\n<meta name=\"twitter:card\" content=\"summary_large_image\" \/>\n<meta name=\"twitter:label1\" content=\"Escrito por\" \/>\n\t<meta name=\"twitter:data1\" content=\"Jos\u00e9 Carlos\" \/>\n\t<meta name=\"twitter:label2\" content=\"Est. tempo de leitura\" \/>\n\t<meta name=\"twitter:data2\" content=\"3 minutos\" \/>\n<script type=\"application\/ld+json\" class=\"yoast-schema-graph\">{\"@context\":\"https:\\\/\\\/schema.org\",\"@graph\":[{\"@type\":\"Article\",\"@id\":\"https:\\\/\\\/seda.college\\\/blog\\\/br\\\/o-que-e-o-gap-year-e-por-que-a-irlanda-e-um-dos-destinos-favoritos-para-quem-quer-fazer-um\\\/#article\",\"isPartOf\":{\"@id\":\"https:\\\/\\\/seda.college\\\/blog\\\/br\\\/o-que-e-o-gap-year-e-por-que-a-irlanda-e-um-dos-destinos-favoritos-para-quem-quer-fazer-um\\\/\"},\"author\":{\"name\":\"Jos\u00e9 Carlos\",\"@id\":\"https:\\\/\\\/seda.college\\\/blog\\\/#\\\/schema\\\/person\\\/59e2f53a2dded8831c9f7e6bd42528ee\"},\"headline\":\"O que \u00e9 o Gap Year e por que a Irlanda \u00e9 um dos destinos favoritos para quem quer fazer um\",\"datePublished\":\"2026-08-25T19:13:35+00:00\",\"mainEntityOfPage\":{\"@id\":\"https:\\\/\\\/seda.college\\\/blog\\\/br\\\/o-que-e-o-gap-year-e-por-que-a-irlanda-e-um-dos-destinos-favoritos-para-quem-quer-fazer-um\\\/\"},\"wordCount\":623,\"commentCount\":0,\"publisher\":{\"@id\":\"https:\\\/\\\/seda.college\\\/blog\\\/#organization\"},\"image\":{\"@id\":\"https:\\\/\\\/seda.college\\\/blog\\\/br\\\/o-que-e-o-gap-year-e-por-que-a-irlanda-e-um-dos-destinos-favoritos-para-quem-quer-fazer-um\\\/#primaryimage\"},\"thumbnailUrl\":\"https:\\\/\\\/seda.college\\\/blog\\\/wp-content\\\/uploads\\\/2026\\\/08\\\/featured-24.jpg\",\"articleSection\":[\"Guia Irlanda\"],\"inLanguage\":\"pt-BR\",\"potentialAction\":[{\"@type\":\"CommentAction\",\"name\":\"Comment\",\"target\":[\"https:\\\/\\\/seda.college\\\/blog\\\/br\\\/o-que-e-o-gap-year-e-por-que-a-irlanda-e-um-dos-destinos-favoritos-para-quem-quer-fazer-um\\\/#respond\"]}]},{\"@type\":\"WebPage\",\"@id\":\"https:\\\/\\\/seda.college\\\/blog\\\/br\\\/o-que-e-o-gap-year-e-por-que-a-irlanda-e-um-dos-destinos-favoritos-para-quem-quer-fazer-um\\\/\",\"url\":\"https:\\\/\\\/seda.college\\\/blog\\\/br\\\/o-que-e-o-gap-year-e-por-que-a-irlanda-e-um-dos-destinos-favoritos-para-quem-quer-fazer-um\\\/\",\"name\":\"O que \u00e9 o Gap Year e por que a Irlanda \u00e9 um dos destinos favoritos para quem quer fazer um - SEDA College\",\"isPartOf\":{\"@id\":\"https:\\\/\\\/seda.college\\\/blog\\\/#website\"},\"primaryImageOfPage\":{\"@id\":\"https:\\\/\\\/seda.college\\\/blog\\\/br\\\/o-que-e-o-gap-year-e-por-que-a-irlanda-e-um-dos-destinos-favoritos-para-quem-quer-fazer-um\\\/#primaryimage\"},\"image\":{\"@id\":\"https:\\\/\\\/seda.college\\\/blog\\\/br\\\/o-que-e-o-gap-year-e-por-que-a-irlanda-e-um-dos-destinos-favoritos-para-quem-quer-fazer-um\\\/#primaryimage\"},\"thumbnailUrl\":\"https:\\\/\\\/seda.college\\\/blog\\\/wp-content\\\/uploads\\\/2026\\\/08\\\/featured-24.jpg\",\"datePublished\":\"2026-08-25T19:13:35+00:00\",\"breadcrumb\":{\"@id\":\"https:\\\/\\\/seda.college\\\/blog\\\/br\\\/o-que-e-o-gap-year-e-por-que-a-irlanda-e-um-dos-destinos-favoritos-para-quem-quer-fazer-um\\\/#breadcrumb\"},\"inLanguage\":\"pt-BR\",\"potentialAction\":[{\"@type\":\"ReadAction\",\"target\":[\"https:\\\/\\\/seda.college\\\/blog\\\/br\\\/o-que-e-o-gap-year-e-por-que-a-irlanda-e-um-dos-destinos-favoritos-para-quem-quer-fazer-um\\\/\"]}]},{\"@type\":\"ImageObject\",\"inLanguage\":\"pt-BR\",\"@id\":\"https:\\\/\\\/seda.college\\\/blog\\\/br\\\/o-que-e-o-gap-year-e-por-que-a-irlanda-e-um-dos-destinos-favoritos-para-quem-quer-fazer-um\\\/#primaryimage\",\"url\":\"https:\\\/\\\/seda.college\\\/blog\\\/wp-content\\\/uploads\\\/2026\\\/08\\\/featured-24.jpg\",\"contentUrl\":\"https:\\\/\\\/seda.college\\\/blog\\\/wp-content\\\/uploads\\\/2026\\\/08\\\/featured-24.jpg\",\"width\":1080,\"height\":720},{\"@type\":\"BreadcrumbList\",\"@id\":\"https:\\\/\\\/seda.college\\\/blog\\\/br\\\/o-que-e-o-gap-year-e-por-que-a-irlanda-e-um-dos-destinos-favoritos-para-quem-quer-fazer-um\\\/#breadcrumb\",\"itemListElement\":[{\"@type\":\"ListItem\",\"position\":1,\"name\":\"Home\",\"item\":\"https:\\\/\\\/seda.college\\\/blog\\\/en\\\/\"},{\"@type\":\"ListItem\",\"position\":2,\"name\":\"O que \u00e9 o Gap Year e por que a Irlanda \u00e9 um dos destinos favoritos para quem quer fazer um\"}]},{\"@type\":\"WebSite\",\"@id\":\"https:\\\/\\\/seda.college\\\/blog\\\/#website\",\"url\":\"https:\\\/\\\/seda.college\\\/blog\\\/\",\"name\":\"SEDA College\",\"description\":\"A SEDA College oferece cursos de Ingl\u00eas para cada n\u00edvel na Irlanda, em Dublin. A SEDA College \u00e9 uma escola internacional que \u00e9 reconhecida por aprender ingl\u00eas\",\"publisher\":{\"@id\":\"https:\\\/\\\/seda.college\\\/blog\\\/#organization\"},\"potentialAction\":[{\"@type\":\"SearchAction\",\"target\":{\"@type\":\"EntryPoint\",\"urlTemplate\":\"https:\\\/\\\/seda.college\\\/blog\\\/?s={search_term_string}\"},\"query-input\":{\"@type\":\"PropertyValueSpecification\",\"valueRequired\":true,\"valueName\":\"search_term_string\"}}],\"inLanguage\":\"pt-BR\"},{\"@type\":\"Organization\",\"@id\":\"https:\\\/\\\/seda.college\\\/blog\\\/#organization\",\"name\":\"SEDA College Online\",\"url\":\"https:\\\/\\\/seda.college\\\/blog\\\/\",\"logo\":{\"@type\":\"ImageObject\",\"inLanguage\":\"pt-BR\",\"@id\":\"https:\\\/\\\/seda.college\\\/blog\\\/#\\\/schema\\\/logo\\\/image\\\/\",\"url\":\"https:\\\/\\\/blog.seda.college\\\/wp-content\\\/uploads\\\/2017\\\/09\\\/NEW_SEDA-Online-Logo-02-copy-min.png\",\"contentUrl\":\"https:\\\/\\\/blog.seda.college\\\/wp-content\\\/uploads\\\/2017\\\/09\\\/NEW_SEDA-Online-Logo-02-copy-min.png\",\"width\":3012,\"height\":2312,\"caption\":\"SEDA College Online\"},\"image\":{\"@id\":\"https:\\\/\\\/seda.college\\\/blog\\\/#\\\/schema\\\/logo\\\/image\\\/\"},\"sameAs\":[\"https:\\\/\\\/www.facebook.com\\\/sedacollegeonline\\\/\"]},{\"@type\":\"Person\",\"@id\":\"https:\\\/\\\/seda.college\\\/blog\\\/#\\\/schema\\\/person\\\/59e2f53a2dded8831c9f7e6bd42528ee\",\"name\":\"Jos\u00e9 Carlos\",\"image\":{\"@type\":\"ImageObject\",\"inLanguage\":\"pt-BR\",\"@id\":\"https:\\\/\\\/secure.gravatar.com\\\/avatar\\\/17757107b702be089bc62ddb741cfc0b4f24122fe21681f45aeacc662583a5ca?s=96&d=mm&r=g\",\"url\":\"https:\\\/\\\/secure.gravatar.com\\\/avatar\\\/17757107b702be089bc62ddb741cfc0b4f24122fe21681f45aeacc662583a5ca?s=96&d=mm&r=g\",\"contentUrl\":\"https:\\\/\\\/secure.gravatar.com\\\/avatar\\\/17757107b702be089bc62ddb741cfc0b4f24122fe21681f45aeacc662583a5ca?s=96&d=mm&r=g\",\"caption\":\"Jos\u00e9 Carlos\"}}]}<\/script>\n<!-- \/ Yoast SEO plugin. -->","yoast_head_json":{"title":"O que \u00e9 o Gap Year e por que a Irlanda \u00e9 um dos destinos favoritos para quem quer fazer um - SEDA College","robots":{"index":"index","follow":"follow","max-snippet":"max-snippet:-1","max-image-preview":"max-image-preview:large","max-video-preview":"max-video-preview:-1"},"canonical":"https:\/\/seda.college\/blog\/br\/o-que-e-o-gap-year-e-por-que-a-irlanda-e-um-dos-destinos-favoritos-para-quem-quer-fazer-um\/","og_locale":"pt_BR","og_type":"article","og_title":"O que \u00e9 o Gap Year e por que a Irlanda \u00e9 um dos destinos favoritos para quem quer fazer um - SEDA College","og_description":"Voc\u00ea j\u00e1 ouviu falar em Gap Year? Se ainda n\u00e3o, provavelmente vai se identificar bastante com a ideia. Trata-se de um per\u00edodo \u2014 geralmente de alguns meses a um ano \u2014 que jovens usam para parar, respirar e investir em experi\u00eancias fora da rotina acad\u00eamica ou profissional. Viajar, aprender um novo idioma, trabalhar em outro [&hellip;]","og_url":"https:\/\/seda.college\/blog\/br\/o-que-e-o-gap-year-e-por-que-a-irlanda-e-um-dos-destinos-favoritos-para-quem-quer-fazer-um\/","og_site_name":"SEDA College","article_publisher":"https:\/\/www.facebook.com\/sedacollegeonline\/","article_published_time":"2026-08-25T19:13:35+00:00","og_image":[{"width":851,"height":315,"url":"https:\/\/seda.college\/blog\/wp-content\/uploads\/2017\/09\/facebook-seda-college-online-min.png","type":"image\/png"}],"author":"Jos\u00e9 Carlos","twitter_card":"summary_large_image","twitter_misc":{"Escrito por":"Jos\u00e9 Carlos","Est. tempo de leitura":"3 minutos"},"schema":{"@context":"https:\/\/schema.org","@graph":[{"@type":"Article","@id":"https:\/\/seda.college\/blog\/br\/o-que-e-o-gap-year-e-por-que-a-irlanda-e-um-dos-destinos-favoritos-para-quem-quer-fazer-um\/#article","isPartOf":{"@id":"https:\/\/seda.college\/blog\/br\/o-que-e-o-gap-year-e-por-que-a-irlanda-e-um-dos-destinos-favoritos-para-quem-quer-fazer-um\/"},"author":{"name":"Jos\u00e9 Carlos","@id":"https:\/\/seda.college\/blog\/#\/schema\/person\/59e2f53a2dded8831c9f7e6bd42528ee"},"headline":"O que \u00e9 o Gap Year e por que a Irlanda \u00e9 um dos destinos favoritos para quem quer fazer um","datePublished":"2026-08-25T19:13:35+00:00","mainEntityOfPage":{"@id":"https:\/\/seda.college\/blog\/br\/o-que-e-o-gap-year-e-por-que-a-irlanda-e-um-dos-destinos-favoritos-para-quem-quer-fazer-um\/"},"wordCount":623,"commentCount":0,"publisher":{"@id":"https:\/\/seda.college\/blog\/#organization"},"image":{"@id":"https:\/\/seda.college\/blog\/br\/o-que-e-o-gap-year-e-por-que-a-irlanda-e-um-dos-destinos-favoritos-para-quem-quer-fazer-um\/#primaryimage"},"thumbnailUrl":"https:\/\/seda.college\/blog\/wp-content\/uploads\/2026\/08\/featured-24.jpg","articleSection":["Guia Irlanda"],"inLanguage":"pt-BR","potentialAction":[{"@type":"CommentAction","name":"Comment","target":["https:\/\/seda.college\/blog\/br\/o-que-e-o-gap-year-e-por-que-a-irlanda-e-um-dos-destinos-favoritos-para-quem-quer-fazer-um\/#respond"]}]},{"@type":"WebPage","@id":"https:\/\/seda.college\/blog\/br\/o-que-e-o-gap-year-e-por-que-a-irlanda-e-um-dos-destinos-favoritos-para-quem-quer-fazer-um\/","url":"https:\/\/seda.college\/blog\/br\/o-que-e-o-gap-year-e-por-que-a-irlanda-e-um-dos-destinos-favoritos-para-quem-quer-fazer-um\/","name":"O que \u00e9 o Gap Year e por que a Irlanda \u00e9 um dos destinos favoritos para quem quer fazer um - SEDA College","isPartOf":{"@id":"https:\/\/seda.college\/blog\/#website"},"primaryImageOfPage":{"@id":"https:\/\/seda.college\/blog\/br\/o-que-e-o-gap-year-e-por-que-a-irlanda-e-um-dos-destinos-favoritos-para-quem-quer-fazer-um\/#primaryimage"},"image":{"@id":"https:\/\/seda.college\/blog\/br\/o-que-e-o-gap-year-e-por-que-a-irlanda-e-um-dos-destinos-favoritos-para-quem-quer-fazer-um\/#primaryimage"},"thumbnailUrl":"https:\/\/seda.college\/blog\/wp-content\/uploads\/2026\/08\/featured-24.jpg","datePublished":"2026-08-25T19:13:35+00:00","breadcrumb":{"@id":"https:\/\/seda.college\/blog\/br\/o-que-e-o-gap-year-e-por-que-a-irlanda-e-um-dos-destinos-favoritos-para-quem-quer-fazer-um\/#breadcrumb"},"inLanguage":"pt-BR","potentialAction":[{"@type":"ReadAction","target":["https:\/\/seda.college\/blog\/br\/o-que-e-o-gap-year-e-por-que-a-irlanda-e-um-dos-destinos-favoritos-para-quem-quer-fazer-um\/"]}]},{"@type":"ImageObject","inLanguage":"pt-BR","@id":"https:\/\/seda.college\/blog\/br\/o-que-e-o-gap-year-e-por-que-a-irlanda-e-um-dos-destinos-favoritos-para-quem-quer-fazer-um\/#primaryimage","url":"https:\/\/seda.college\/blog\/wp-content\/uploads\/2026\/08\/featured-24.jpg","contentUrl":"https:\/\/seda.college\/blog\/wp-content\/uploads\/2026\/08\/featured-24.jpg","width":1080,"height":720},{"@type":"BreadcrumbList","@id":"https:\/\/seda.college\/blog\/br\/o-que-e-o-gap-year-e-por-que-a-irlanda-e-um-dos-destinos-favoritos-para-quem-quer-fazer-um\/#breadcrumb","itemListElement":[{"@type":"ListItem","position":1,"name":"Home","item":"https:\/\/seda.college\/blog\/en\/"},{"@type":"ListItem","position":2,"name":"O que \u00e9 o Gap Year e por que a Irlanda \u00e9 um dos destinos favoritos para quem quer fazer um"}]},{"@type":"WebSite","@id":"https:\/\/seda.college\/blog\/#website","url":"https:\/\/seda.college\/blog\/","name":"SEDA College","description":"A SEDA College oferece cursos de Ingl\u00eas para cada n\u00edvel na Irlanda, em Dublin. A SEDA College \u00e9 uma escola internacional que \u00e9 reconhecida por aprender ingl\u00eas","publisher":{"@id":"https:\/\/seda.college\/blog\/#organization"},"potentialAction":[{"@type":"SearchAction","target":{"@type":"EntryPoint","urlTemplate":"https:\/\/seda.college\/blog\/?s={search_term_string}"},"query-input":{"@type":"PropertyValueSpecification","valueRequired":true,"valueName":"search_term_string"}}],"inLanguage":"pt-BR"},{"@type":"Organization","@id":"https:\/\/seda.college\/blog\/#organization","name":"SEDA College Online","url":"https:\/\/seda.college\/blog\/","logo":{"@type":"ImageObject","inLanguage":"pt-BR","@id":"https:\/\/seda.college\/blog\/#\/schema\/logo\/image\/","url":"https:\/\/blog.seda.college\/wp-content\/uploads\/2017\/09\/NEW_SEDA-Online-Logo-02-copy-min.png","contentUrl":"https:\/\/blog.seda.college\/wp-content\/uploads\/2017\/09\/NEW_SEDA-Online-Logo-02-copy-min.png","width":3012,"height":2312,"caption":"SEDA College Online"},"image":{"@id":"https:\/\/seda.college\/blog\/#\/schema\/logo\/image\/"},"sameAs":["https:\/\/www.facebook.com\/sedacollegeonline\/"]},{"@type":"Person","@id":"https:\/\/seda.college\/blog\/#\/schema\/person\/59e2f53a2dded8831c9f7e6bd42528ee","name":"Jos\u00e9 Carlos","image":{"@type":"ImageObject","inLanguage":"pt-BR","@id":"https:\/\/secure.gravatar.com\/avatar\/17757107b702be089bc62ddb741cfc0b4f24122fe21681f45aeacc662583a5ca?s=96&d=mm&r=g","url":"https:\/\/secure.gravatar.com\/avatar\/17757107b702be089bc62ddb741cfc0b4f24122fe21681f45aeacc662583a5ca?s=96&d=mm&r=g","contentUrl":"https:\/\/secure.gravatar.com\/avatar\/17757107b702be089bc62ddb741cfc0b4f24122fe21681f45aeacc662583a5ca?s=96&d=mm&r=g","caption":"Jos\u00e9 Carlos"}}]}},"_links":{"self":[{"href":"https:\/\/seda.college\/blog\/wp-json\/wp\/v2\/posts\/18776","targetHints":{"allow":["GET"]}}],"collection":[{"href":"https:\/\/seda.college\/blog\/wp-json\/wp\/v2\/posts"}],"about":[{"href":"https:\/\/seda.college\/blog\/wp-json\/wp\/v2\/types\/post"}],"author":[{"embeddable":true,"href":"https:\/\/seda.college\/blog\/wp-json\/wp\/v2\/users\/30"}],"replies":[{"embeddable":true,"href":"https:\/\/seda.college\/blog\/wp-json\/wp\/v2\/comments?post=18776"}],"version-history":[{"count":0,"href":"https:\/\/seda.college\/blog\/wp-json\/wp\/v2\/posts\/18776\/revisions"}],"wp:featuredmedia":[{"embeddable":true,"href":"https:\/\/seda.college\/blog\/wp-json\/wp\/v2\/media\/18775"}],"wp:attachment":[{"href":"https:\/\/seda.college\/blog\/wp-json\/wp\/v2\/media?parent=18776"}],"wp:term":[{"taxonomy":"category","embeddable":true,"href":"https:\/\/seda.college\/blog\/wp-json\/wp\/v2\/categories?post=18776"},{"taxonomy":"post_tag","embeddable":true,"href":"https:\/\/seda.college\/blog\/wp-json\/wp\/v2\/tags?post=18776"}],"curies":[{"name":"wp","href":"https:\/\/api.w.org\/{rel}","templated":true}]}}